{"id":2269,"date":"2025-12-10T12:48:38","date_gmt":"2025-12-10T11:48:38","guid":{"rendered":"https:\/\/lycee-valentine-labbe.fr\/wordpress\/?p=2269"},"modified":"2025-12-10T12:48:38","modified_gmt":"2025-12-10T11:48:38","slug":"modification-du-reglement-interieur-du-lycee-pour-le-delai-de-justification-des-absences","status":"publish","type":"post","link":"https:\/\/lycee-valentine-labbe.fr\/wordpress\/2025\/12\/10\/modification-du-reglement-interieur-du-lycee-pour-le-delai-de-justification-des-absences\/","title":{"rendered":"Modification du r\u00e8glement int\u00e9rieur du lyc\u00e9e pour le d\u00e9lai de justification des absences."},"content":{"rendered":"<p style=\"font-weight: 400;\"><a href=\"https:\/\/lycee-valentine-labbe.fr\/wordpress\/information-300x300-2\/\"><img loading=\"lazy\" decoding=\"async\" class=\"alignright size-full wp-image-1090\" src=\"https:\/\/lycee-valentine-labbe.fr\/wordpress\/wp-content\/uploads\/2021\/09\/cropped-information-300x300-1-1.jpg\" alt=\"\" width=\"298\" height=\"291\" \/><\/a><\/p>\n<p style=\"font-weight: 400;\">\n<p style=\"font-weight: 400;\">Dans le r\u00e8glement int\u00e9rieur actuel, il n\u2019est par pr\u00e9cis\u00e9 le d\u00e9lai pour justifier d\u2019une absence. Il a \u00e9t\u00e9 constat\u00e9 des d\u00e9rives de ce fait. \u00a0Des absences ont parfois \u00e9t\u00e9 \u00ab\u00a0justifi\u00e9es\u00a0\u00bb des semaines apr\u00e8s ce qui n\u2019a pas plus de sens.<\/p>\n<p style=\"font-weight: 400;\">Le conseil d\u2019administration du 25\/11\/2025 a valid\u00e9 l\u2019ajout suivant dans le r\u00e8glement int\u00e9rieur.<\/p>\n<p style=\"font-weight: 400;\">\n<p style=\"font-weight: 400;\">\u00ab\u00a0Toute absence doit \u00eatre imm\u00e9diatement signal\u00e9e par la famille ou l\u2019\u00e9l\u00e8ve majeur \u00e0 l\u2019\u00e9tablissement. Par ailleurs, l\u2019\u00e9l\u00e8ve a l\u2019obligation de pr\u00e9senter un justificatif \u00e9crit (sign\u00e9 par au moins un responsable l\u00e9gal ou l\u2019\u00e9l\u00e8ve majeur d\u00e8s son retour en classe et au plus tard dans un d\u00e9lai maximum de 8 jours ouvr\u00e9s. Au-del\u00e0 de ce d\u00e9lai, l\u2019absence sera consid\u00e9r\u00e9e comme non justifi\u00e9e.\u00a0\u00bb<\/p>\n<p style=\"font-weight: 400;\">Cette modification du r\u00e8glement int\u00e9rieur prendra effet d\u00e8s le 05 janvier2026.<\/p>\n<p style=\"font-weight: 400;\">Ainsi \u00e0 partir du 05 janvier 2026, vous aurez au maximum huit jours ouvr\u00e9s pour fournir un justificatif \u00e9crit d\u00e8s lors qu\u2019une d\u2019absence est constat\u00e9e.<\/p>\n<p style=\"font-weight: 400;\">\n<p style=\"font-weight: 400;\">\n<p style=\"font-weight: 400;\">\n<p style=\"font-weight: 400;\">\u00a0\u00a0\u00a0\u00a0\u00a0\u00a0\u00a0\u00a0\u00a0\u00a0\u00a0\u00a0\u00a0\u00a0\u00a0\u00a0\u00a0\u00a0\u00a0\u00a0\u00a0\u00a0\u00a0\u00a0\u00a0\u00a0\u00a0\u00a0\u00a0\u00a0\u00a0\u00a0\u00a0\u00a0\u00a0\u00a0\u00a0\u00a0\u00a0\u00a0\u00a0\u00a0\u00a0\u00a0\u00a0\u00a0\u00a0\u00a0\u00a0\u00a0\u00a0\u00a0\u00a0\u00a0\u00a0\u00a0\u00a0\u00a0\u00a0\u00a0\u00a0\u00a0\u00a0\u00a0\u00a0\u00a0\u00a0\u00a0\u00a0\u00a0\u00a0\u00a0\u00a0\u00a0\u00a0\u00a0\u00a0\u00a0\u00a0\u00a0\u00a0\u00a0\u00a0\u00a0\u00a0\u00a0\u00a0\u00a0\u00a0\u00a0\u00a0\u00a0\u00a0 La Direction<\/p>\n","protected":false},"excerpt":{"rendered":"<p>Dans le r\u00e8glement int\u00e9rieur actuel, il n\u2019est par pr\u00e9cis\u00e9 le d\u00e9lai pour justifier d\u2019une absence. Il a \u00e9t\u00e9 constat\u00e9 des d\u00e9rives de ce fait. \u00a0Des absences ont parfois \u00e9t\u00e9 \u00ab\u00a0justifi\u00e9es\u00a0\u00bb des semaines apr\u00e8s ce qui n\u2019a pas plus de sens. Le conseil d\u2019administration du 25\/11\/2025 a valid\u00e9 l\u2019ajout suivant dans le r\u00e8glement int\u00e9rieur. \u00ab\u00a0Toute absence&hellip; <br \/> <a class=\"read-more\" href=\"https:\/\/lycee-valentine-labbe.fr\/wordpress\/2025\/12\/10\/modification-du-reglement-interieur-du-lycee-pour-le-delai-de-justification-des-absences\/\">Lire la suite<\/a><\/p>\n","protected":false},"author":1,"featured_media":0,"comment_status":"closed","ping_status":"open","sticky":false,"template":"","format":"standard","meta":{"footnotes":""},"categories":[1],"tags":[],"class_list":["post-2269","post","type-post","status-publish","format-standard","hentry","category-non-classe"],"_links":{"self":[{"href":"https:\/\/lycee-valentine-labbe.fr\/wordpress\/wp-json\/wp\/v2\/posts\/2269","targetHints":{"allow":["GET"]}}],"collection":[{"href":"https:\/\/lycee-valentine-labbe.fr\/wordpress\/wp-json\/wp\/v2\/posts"}],"about":[{"href":"https:\/\/lycee-valentine-labbe.fr\/wordpress\/wp-json\/wp\/v2\/types\/post"}],"author":[{"embeddable":true,"href":"https:\/\/lycee-valentine-labbe.fr\/wordpress\/wp-json\/wp\/v2\/users\/1"}],"replies":[{"embeddable":true,"href":"https:\/\/lycee-valentine-labbe.fr\/wordpress\/wp-json\/wp\/v2\/comments?post=2269"}],"version-history":[{"count":1,"href":"https:\/\/lycee-valentine-labbe.fr\/wordpress\/wp-json\/wp\/v2\/posts\/2269\/revisions"}],"predecessor-version":[{"id":2270,"href":"https:\/\/lycee-valentine-labbe.fr\/wordpress\/wp-json\/wp\/v2\/posts\/2269\/revisions\/2270"}],"wp:attachment":[{"href":"https:\/\/lycee-valentine-labbe.fr\/wordpress\/wp-json\/wp\/v2\/media?parent=2269"}],"wp:term":[{"taxonomy":"category","embeddable":true,"href":"https:\/\/lycee-valentine-labbe.fr\/wordpress\/wp-json\/wp\/v2\/categories?post=2269"},{"taxonomy":"post_tag","embeddable":true,"href":"https:\/\/lycee-valentine-labbe.fr\/wordpress\/wp-json\/wp\/v2\/tags?post=2269"}],"curies":[{"name":"wp","href":"https:\/\/api.w.org\/{rel}","templated":true}]}}