{"id":2242,"date":"2025-09-05T20:54:58","date_gmt":"2025-09-05T18:54:58","guid":{"rendered":"https:\/\/lycee-valentine-labbe.fr\/wordpress\/?p=2242"},"modified":"2025-09-05T20:55:49","modified_gmt":"2025-09-05T18:55:49","slug":"assemblee-generale-de-la-fcpe-association-des-parents-deleves","status":"publish","type":"post","link":"https:\/\/lycee-valentine-labbe.fr\/wordpress\/2025\/09\/05\/assemblee-generale-de-la-fcpe-association-des-parents-deleves\/","title":{"rendered":"Assembl\u00e9e G\u00e9n\u00e9rale de la FCPE (Association des Parents d\u2019\u00e9l\u00e8ves)"},"content":{"rendered":"<h3 style=\"text-align: center;\" data-start=\"82\" data-end=\"117\">Assembl\u00e9e G\u00e9n\u00e9rale de la FCPE<\/h3>\n<p style=\"text-align: center;\" data-start=\"118\" data-end=\"154\"><em data-start=\"118\" data-end=\"152\">Association des Parents d\u2019\u00e9l\u00e8ves<\/em><\/p>\n<p style=\"text-align: center;\" data-start=\"156\" data-end=\"240\"><strong data-start=\"156\" data-end=\"169\">\ud83d\udcc5 Date :<\/strong> Jeudi 11 septembre<br data-start=\"188\" data-end=\"191\" \/><strong data-start=\"191\" data-end=\"204\">\u23f0 Heure :<\/strong> 19h15<br data-start=\"210\" data-end=\"213\" \/><strong data-start=\"213\" data-end=\"226\">\ud83d\udccd Lieu :<\/strong> Salle B1-B2<\/p>\n<p style=\"text-align: center;\" data-start=\"242\" data-end=\"324\">Venez nombreux participer \u00e0 cette r\u00e9union importante pour les parents d\u2019\u00e9l\u00e8ves !<\/p>\n<p data-start=\"242\" data-end=\"324\"><a href=\"https:\/\/lycee-valentine-labbe.fr\/wordpress\/2025\/09\/05\/assemblee-generale-de-la-fcpe-association-des-parents-deleves\/fcpe-grand\/\" rel=\"attachment wp-att-2243\"><img loading=\"lazy\" decoding=\"async\" class=\"alignright size-full wp-image-2243\" src=\"https:\/\/lycee-valentine-labbe.fr\/wordpress\/wp-content\/uploads\/2025\/09\/FCPE-grand.jpg\" alt=\"\" width=\"2362\" height=\"2281\" srcset=\"https:\/\/lycee-valentine-labbe.fr\/wordpress\/wp-content\/uploads\/2025\/09\/FCPE-grand.jpg 2362w, https:\/\/lycee-valentine-labbe.fr\/wordpress\/wp-content\/uploads\/2025\/09\/FCPE-grand-300x290.jpg 300w, https:\/\/lycee-valentine-labbe.fr\/wordpress\/wp-content\/uploads\/2025\/09\/FCPE-grand-1024x989.jpg 1024w, https:\/\/lycee-valentine-labbe.fr\/wordpress\/wp-content\/uploads\/2025\/09\/FCPE-grand-768x742.jpg 768w, https:\/\/lycee-valentine-labbe.fr\/wordpress\/wp-content\/uploads\/2025\/09\/FCPE-grand-1536x1483.jpg 1536w, https:\/\/lycee-valentine-labbe.fr\/wordpress\/wp-content\/uploads\/2025\/09\/FCPE-grand-2048x1978.jpg 2048w, https:\/\/lycee-valentine-labbe.fr\/wordpress\/wp-content\/uploads\/2025\/09\/FCPE-grand-1118x1080.jpg 1118w\" sizes=\"auto, (max-width: 2362px) 100vw, 2362px\" \/><\/a><\/p>\n","protected":false},"excerpt":{"rendered":"<p>Assembl\u00e9e G\u00e9n\u00e9rale de la FCPE Association des Parents d\u2019\u00e9l\u00e8ves \ud83d\udcc5 Date : Jeudi 11 septembre\u23f0 Heure : 19h15\ud83d\udccd Lieu : Salle B1-B2 Venez nombreux participer \u00e0 cette r\u00e9union importante pour les parents d\u2019\u00e9l\u00e8ves !<\/p>\n","protected":false},"author":1,"featured_media":2244,"comment_status":"closed","ping_status":"open","sticky":false,"template":"","format":"standard","meta":{"footnotes":""},"categories":[1],"tags":[],"class_list":["post-2242","post","type-post","status-publish","format-standard","has-post-thumbnail","hentry","category-non-classe"],"_links":{"self":[{"href":"https:\/\/lycee-valentine-labbe.fr\/wordpress\/wp-json\/wp\/v2\/posts\/2242","targetHints":{"allow":["GET"]}}],"collection":[{"href":"https:\/\/lycee-valentine-labbe.fr\/wordpress\/wp-json\/wp\/v2\/posts"}],"about":[{"href":"https:\/\/lycee-valentine-labbe.fr\/wordpress\/wp-json\/wp\/v2\/types\/post"}],"author":[{"embeddable":true,"href":"https:\/\/lycee-valentine-labbe.fr\/wordpress\/wp-json\/wp\/v2\/users\/1"}],"replies":[{"embeddable":true,"href":"https:\/\/lycee-valentine-labbe.fr\/wordpress\/wp-json\/wp\/v2\/comments?post=2242"}],"version-history":[{"count":3,"href":"https:\/\/lycee-valentine-labbe.fr\/wordpress\/wp-json\/wp\/v2\/posts\/2242\/revisions"}],"predecessor-version":[{"id":2247,"href":"https:\/\/lycee-valentine-labbe.fr\/wordpress\/wp-json\/wp\/v2\/posts\/2242\/revisions\/2247"}],"wp:featuredmedia":[{"embeddable":true,"href":"https:\/\/lycee-valentine-labbe.fr\/wordpress\/wp-json\/wp\/v2\/media\/2244"}],"wp:attachment":[{"href":"https:\/\/lycee-valentine-labbe.fr\/wordpress\/wp-json\/wp\/v2\/media?parent=2242"}],"wp:term":[{"taxonomy":"category","embeddable":true,"href":"https:\/\/lycee-valentine-labbe.fr\/wordpress\/wp-json\/wp\/v2\/categories?post=2242"},{"taxonomy":"post_tag","embeddable":true,"href":"https:\/\/lycee-valentine-labbe.fr\/wordpress\/wp-json\/wp\/v2\/tags?post=2242"}],"curies":[{"name":"wp","href":"https:\/\/api.w.org\/{rel}","templated":true}]}}