{"id":1675,"date":"2023-09-07T20:08:08","date_gmt":"2023-09-07T18:08:08","guid":{"rendered":"https:\/\/lycee-valentine-labbe.fr\/wordpress\/?p=1675"},"modified":"2023-09-11T21:23:33","modified_gmt":"2023-09-11T19:23:33","slug":"reunion-daccueil-des-parents-deleves","status":"publish","type":"post","link":"https:\/\/lycee-valentine-labbe.fr\/wordpress\/2023\/09\/07\/reunion-daccueil-des-parents-deleves\/","title":{"rendered":"R\u00e9union d\u2019accueil des parents d\u2019\u00e9l\u00e8ves"},"content":{"rendered":"<p style=\"font-weight: 400;\">Mesdames et Messieurs les parents d\u2019\u00e9l\u00e8ves,<\/p>\n<p style=\"font-weight: 400;\">==&gt; Une r\u00e9union d\u2019accueil des parents d\u2019\u00e9l\u00e8ves de seconde g\u00e9n\u00e9rale et technologique 2,3,4,5,6,7 et seconde professionnelle AEPA1, AEPA2, A2SP1, A2SP2, A2SP3 \u00a0est organis\u00e9e l<span style=\"text-decoration: underline;\"><strong>e mardi 12 septembre 2023 \u00e0 18h en pr\u00e9sence du professeur principal et de l\u2019\u00e9quipe p\u00e9dagogique.<\/strong><\/span><\/p>\n<p>&nbsp;<\/p>\n<a href=\"https:\/\/lycee-valentine-labbe.fr\/wordpress\/wp-content\/uploads\/2023\/09\/Rencontre_parents_2GT-2PRO_12_septembre_2023.pdf\" class=\"pdfemb-viewer\" style=\"\" data-width=\"max\" data-height=\"max\" data-toolbar=\"both\" data-toolbar-fixed=\"on\">Rencontre_parents_2GT-2PRO_12_septembre_2023<\/a>\n<p style=\"font-weight: 400;\">==&gt; Mesdames et Messieurs les parents d\u2019\u00e9l\u00e8ves de premi\u00e8res g\u00e9n\u00e9rale et technologique et premi\u00e8res professionnelles, une r\u00e9union d\u2019accueil est organis\u00e9e <strong><span style=\"text-decoration: underline;\">le lundi 18 septembre 2023 \u00e0 18h (salles affich\u00e9es le jour de la r\u00e9union) en pr\u00e9sence du professeur principal et de l\u2019\u00e9quipe p\u00e9dagogique.<\/span><\/strong><\/p>\n<p style=\"font-weight: 400;\">Ce temps de rencontre sera l\u2019occasion de vous communiquer les informations utiles et les enjeux de cette ann\u00e9e scolaire.<\/p>\n<p style=\"font-weight: 400;\">Nous esp\u00e9rons vous accueillir nombreux.<\/p>\n<ol>\n<li style=\"font-weight: 400;\">BERTOLOTTI<\/li>\n<\/ol>\n<p style=\"font-weight: 400;\">Proviseure<\/p>\n<p style=\"font-weight: 400;\"><strong>\u26a0\ufe0f NB : Une r\u00e9union sp\u00e9cifique aura lieu le lundi 18 septembre 2023 \u00e0 18h00 dans la salle polyvalente de la nouvelle halle scientifique pour les classes coop\u00e9ratives de 2GT1, 1ST2S1, 1ST2S6 et TST2S1. \u26a0\ufe0f<\/strong><\/p>\n<p>&nbsp;<\/p>\n<p>&nbsp;<\/p>\n","protected":false},"excerpt":{"rendered":"<p>Mesdames et Messieurs les parents d\u2019\u00e9l\u00e8ves, ==&gt; Une r\u00e9union d\u2019accueil des parents d\u2019\u00e9l\u00e8ves de seconde g\u00e9n\u00e9rale et technologique 2,3,4,5,6,7 et seconde professionnelle AEPA1, AEPA2, A2SP1, A2SP2, A2SP3 \u00a0est organis\u00e9e le mardi 12 septembre 2023 \u00e0 18h en pr\u00e9sence du professeur principal et de l\u2019\u00e9quipe p\u00e9dagogique. &nbsp; ==&gt; Mesdames et Messieurs les parents d\u2019\u00e9l\u00e8ves de premi\u00e8res&hellip; <br \/> <a class=\"read-more\" href=\"https:\/\/lycee-valentine-labbe.fr\/wordpress\/2023\/09\/07\/reunion-daccueil-des-parents-deleves\/\">Lire la suite<\/a><\/p>\n","protected":false},"author":1,"featured_media":1678,"comment_status":"closed","ping_status":"open","sticky":false,"template":"","format":"standard","meta":{"footnotes":""},"categories":[1],"tags":[],"class_list":["post-1675","post","type-post","status-publish","format-standard","has-post-thumbnail","hentry","category-non-classe"],"_links":{"self":[{"href":"https:\/\/lycee-valentine-labbe.fr\/wordpress\/wp-json\/wp\/v2\/posts\/1675","targetHints":{"allow":["GET"]}}],"collection":[{"href":"https:\/\/lycee-valentine-labbe.fr\/wordpress\/wp-json\/wp\/v2\/posts"}],"about":[{"href":"https:\/\/lycee-valentine-labbe.fr\/wordpress\/wp-json\/wp\/v2\/types\/post"}],"author":[{"embeddable":true,"href":"https:\/\/lycee-valentine-labbe.fr\/wordpress\/wp-json\/wp\/v2\/users\/1"}],"replies":[{"embeddable":true,"href":"https:\/\/lycee-valentine-labbe.fr\/wordpress\/wp-json\/wp\/v2\/comments?post=1675"}],"version-history":[{"count":2,"href":"https:\/\/lycee-valentine-labbe.fr\/wordpress\/wp-json\/wp\/v2\/posts\/1675\/revisions"}],"predecessor-version":[{"id":1695,"href":"https:\/\/lycee-valentine-labbe.fr\/wordpress\/wp-json\/wp\/v2\/posts\/1675\/revisions\/1695"}],"wp:featuredmedia":[{"embeddable":true,"href":"https:\/\/lycee-valentine-labbe.fr\/wordpress\/wp-json\/wp\/v2\/media\/1678"}],"wp:attachment":[{"href":"https:\/\/lycee-valentine-labbe.fr\/wordpress\/wp-json\/wp\/v2\/media?parent=1675"}],"wp:term":[{"taxonomy":"category","embeddable":true,"href":"https:\/\/lycee-valentine-labbe.fr\/wordpress\/wp-json\/wp\/v2\/categories?post=1675"},{"taxonomy":"post_tag","embeddable":true,"href":"https:\/\/lycee-valentine-labbe.fr\/wordpress\/wp-json\/wp\/v2\/tags?post=1675"}],"curies":[{"name":"wp","href":"https:\/\/api.w.org\/{rel}","templated":true}]}}